{"id":58,"date":"2022-02-28T13:34:44","date_gmt":"2022-02-28T12:34:44","guid":{"rendered":"https:\/\/adherents.adapei-aria.com\/?p=58"},"modified":"2022-03-01T14:32:56","modified_gmt":"2022-03-01T13:32:56","slug":"adhesion-a-lassociation","status":"publish","type":"post","link":"https:\/\/adherents.adapei-aria.com\/index.php\/2022\/02\/28\/adhesion-a-lassociation\/","title":{"rendered":"Adh\u00e9sion \u00e0 l&rsquo;association"},"content":{"rendered":"\n<p>Adh\u00e9rer \u00e0 l\u2019Adapei-Aria de Vend\u00e9e est un geste militant, votre adh\u00e9sion contribue \u00e0 faire progresser la cause des personnes concern\u00e9es par un handicap. En rejoignant notre association d\u00e9partementale, l\u2019Adapei-Aria de Vend\u00e9e, anim\u00e9e par des b\u00e9n\u00e9voles, des parents et des amis, vous apportez votre soutien aux personnes en situation de handicap.<\/p>\n\n\n\n<p>En adh\u00e9rant \u00e0 l\u2019Adapei-Aria de Vend\u00e9e, vous soutenez les combats qui nous mobilisent chaque jour&nbsp;: scolarisation, emploi, ressources, inclusion dans la soci\u00e9t\u00e9\u2026<\/p>\n\n\n\n<!--more-->\n\n\n\n<p>Gr\u00e2ce \u00e0 vous, nous sommes plus forts pour faire entendre la voix de la personne en situation de handicap et de ses proches.<\/p>\n\n\n\n<p><a href=\"https:\/\/www.adapei-aria.com\/wp-content\/uploads\/2022\/01\/1-FEUILLET-INFO-ADHESION2022.pdf\" target=\"_blank\" rel=\"noreferrer noopener\">Adh\u00e9rer et soutenir l\u2019Adapei-Aria de Vend\u00e9e : plus d\u2019information<\/a><\/p>\n\n\n\n<p><a rel=\"noreferrer noopener\" href=\"https:\/\/www.adapei-aria.com\/wp-content\/uploads\/2022\/01\/2-BULLETIN-ADHESION-2022.pdf\" target=\"_blank\">Bulletin d\u2019adh\u00e9sion 2022<\/a><\/p>\n\n\n\n<h2 class=\"wp-block-heading\">L\u2019adh\u00e9sion est de 75\u20ac pour l\u2019ann\u00e9e 2022<\/h2>\n\n\n\n<p>Votre adh\u00e9sion ou votre don vous permet de b\u00e9n\u00e9ficier d\u2019une r\u00e9duction d\u2019imp\u00f4ts de 66 % de la valeur de votre don, dans la limite de 20 % de vos revenus nets imposables. Art. 200 du CGI. Un re\u00e7u fiscal vous est transmis au d\u00e9but de l\u2019ann\u00e9e qui suit votre adh\u00e9sion. Votre adh\u00e9sion de 75\u20ac ne vous co\u00fbte en r\u00e9alit\u00e9 que 25,50\u20ac.<\/p>\n\n\n\n<h3 class=\"wp-block-heading\">Nouveaut\u00e9 2022 : l\u2019adh\u00e9sion en ligne !<\/h3>\n\n\n\n<p>Vous pouvez d\u00e9sormais adh\u00e9rer \u00e0 l\u2019association directement depuis notre site internet en r\u00e9glant votre cotisation par carte bancaire.<\/p>\n\n\n\n<p>Nous utilisons le service Hello Asso, une entreprise de l\u2019\u00e9conomie sociale et solidaire, qui nous fournit gratuitement sa technologie de paiement.<br>Une contribution au fonctionnement de HelloAsso,&nbsp;<strong>modifiable et facultative,<\/strong>&nbsp;vous sera propos\u00e9e avant la validation de votre paiement.<\/p>\n\n\n\n<iframe id=\"haWidget\" allowtransparency=\"true\" scrolling=\"auto\" src=\"https:\/\/www.helloasso.com\/associations\/adapei-aria-de-vendee\/adhesions\/adhesion-association\/widget\" style=\"width: 100%; height: 750px; border: none;\" onload=\"window.scroll(0, this.offsetTop)\"><\/iframe>\n\n\n\n<h3 class=\"wp-block-heading\">Les \u00ab&nbsp;Plus&nbsp;\u00bb de l\u2019adh\u00e9rent<\/h3>\n\n\n\n<p>Des informations sur l\u2019Adapei-Aria de Vend\u00e9e, sur le mouvement ou des informations pratiques li\u00e9es au handicap<\/p>\n\n\n\n<p>L\u2019Adapei-Aria de Vend\u00e9e \u00e9dite un journal, LIAISON, qui \u00e9voque les avanc\u00e9es et les d\u00e9marches associatives, la vie des \u00e9tablissements et les informations pratiques li\u00e9es au handicap (vacances, droits, services).<\/p>\n\n\n\n<p>L\u2019adh\u00e9rent re\u00e7oit \u00e9galement le magazine VIVRE ENSEMBLE \u00e9dit\u00e9 par l\u2019Unapei (5 n\u00b0s par an).<\/p>\n\n\n\n<p>Vous avez \u00e9galement acc\u00e8s \u00e0 un espace priv\u00e9 sur ce site \u00ab Espace adh\u00e9rents \u00bb gr\u00e2ce \u00e0 des codes d\u2019acc\u00e8s qui vous sont fournis \u00e0 chaque renouvellement d\u2019adh\u00e9sion annuelle.<\/p>\n\n\n\n<p>L\u2019assembl\u00e9e g\u00e9n\u00e9rale annuelle est \u00e9galement un moment important de la vie de l\u2019association \u00e0 laquelle chaque adh\u00e9rent, peut prendre part et voter. L\u2019Assembl\u00e9e G\u00e9n\u00e9rale 2022 aura lieu le jeudi 16 juin \u00e0 Mouilleron le Captif.<\/p>\n\n\n\n<h3 class=\"wp-block-heading\">Des aides aux d\u00e9parts en vacances<\/h3>\n\n\n\n<p>L\u2019Unapei et l\u2019Ancv \u2013 Agence Nationale des Ch\u00e8ques Vacances \u2013 offrent la possibilit\u00e9 d\u2019une aide sous forme de ch\u00e8ques vacances. Cette&nbsp;aide est plus importante pour les adh\u00e9rents.<\/p>\n\n\n\n<h3 class=\"wp-block-heading\">En rejoignant l\u2019Adapei-Aria de Vend\u00e9e :<\/h3>\n\n\n\n<ul class=\"wp-block-list\"><li>vous agissez pour que les personnes en situation de handicap soient reconnues en tant que citoyen \u00e0 part enti\u00e8re<\/li><li>vous contribuez \u00e0 donner \u00e0 l\u2019association les moyens financiers de remplir sa mission, ainsi qu\u2019\u00e0 l\u2019adaptation et au d\u00e9veloppement de ses services<\/li><li>vous consolidez et p\u00e9rennisez le r\u00f4le et la place des familles<\/li><li>vous partagez avec tout parent d\u2019enfant handicap\u00e9 des valeurs communes<\/li><\/ul>\n\n\n\n<p>Vous militez avec l\u2019Unapei, Union nationale des associations de parents, de personnes handicap\u00e9es mentales et de leurs amis, et l\u2019Unapei Pays de Loire. En adh\u00e9rant \u00e0 l\u2019Adapei-Aria de Vend\u00e9e vous soutenez le mouvement national dans ses d\u00e9marches militantes et aupr\u00e8s des politiques, et vous agissez pour un meilleur acc\u00e8s \u00e0 la citoyennet\u00e9 des personnes en situation de handicap.<\/p>\n","protected":false},"excerpt":{"rendered":"<p>Adh\u00e9rer \u00e0 l\u2019Adapei-Aria de Vend\u00e9e est un geste militant, votre adh\u00e9sion contribue \u00e0 faire progresser la cause des personnes concern\u00e9es par un handicap. En rejoignant notre association d\u00e9partementale, l\u2019Adapei-Aria de Vend\u00e9e, anim\u00e9e par des b\u00e9n\u00e9voles, des parents et des amis, vous apportez votre soutien aux personnes en situation de handicap. En adh\u00e9rant \u00e0 l\u2019Adapei-Aria de [&hellip;]<\/p>\n","protected":false},"author":1,"featured_media":0,"comment_status":"open","ping_status":"open","sticky":false,"template":"templates\/template-full-width.php","format":"standard","meta":{"footnotes":""},"categories":[2],"tags":[10],"class_list":["post-58","post","type-post","status-publish","format-standard","hentry","category-vie-de-lassociation","tag-adhesion"],"_links":{"self":[{"href":"https:\/\/adherents.adapei-aria.com\/index.php\/wp-json\/wp\/v2\/posts\/58","targetHints":{"allow":["GET"]}}],"collection":[{"href":"https:\/\/adherents.adapei-aria.com\/index.php\/wp-json\/wp\/v2\/posts"}],"about":[{"href":"https:\/\/adherents.adapei-aria.com\/index.php\/wp-json\/wp\/v2\/types\/post"}],"author":[{"embeddable":true,"href":"https:\/\/adherents.adapei-aria.com\/index.php\/wp-json\/wp\/v2\/users\/1"}],"replies":[{"embeddable":true,"href":"https:\/\/adherents.adapei-aria.com\/index.php\/wp-json\/wp\/v2\/comments?post=58"}],"version-history":[{"count":3,"href":"https:\/\/adherents.adapei-aria.com\/index.php\/wp-json\/wp\/v2\/posts\/58\/revisions"}],"predecessor-version":[{"id":63,"href":"https:\/\/adherents.adapei-aria.com\/index.php\/wp-json\/wp\/v2\/posts\/58\/revisions\/63"}],"wp:attachment":[{"href":"https:\/\/adherents.adapei-aria.com\/index.php\/wp-json\/wp\/v2\/media?parent=58"}],"wp:term":[{"taxonomy":"category","embeddable":true,"href":"https:\/\/adherents.adapei-aria.com\/index.php\/wp-json\/wp\/v2\/categories?post=58"},{"taxonomy":"post_tag","embeddable":true,"href":"https:\/\/adherents.adapei-aria.com\/index.php\/wp-json\/wp\/v2\/tags?post=58"}],"curies":[{"name":"wp","href":"https:\/\/api.w.org\/{rel}","templated":true}]}}